{"id":17003,"date":"2024-04-09T07:38:06","date_gmt":"2024-04-09T07:38:06","guid":{"rendered":"https:\/\/www.activede.com\/17003\/"},"modified":"2024-04-09T13:41:27","modified_gmt":"2024-04-09T13:41:27","slug":"xvi-empresa-familiar-e-ciclo-da-qualidade","status":"publish","type":"post","link":"https:\/\/www.activede.com\/pt-pt\/xvi-empresa-familiar-e-ciclo-da-qualidade\/","title":{"rendered":"XVI Empresa Familiar e Ciclo da Qualidade"},"content":{"rendered":"<p style=\"text-align: justify;\">A associa\u00e7\u00e3o &#8220;Empresa Familiar Andorrana&#8221; (EFA) \u00e9 uma institui\u00e7\u00e3o civil privada, sem fins lucrativos, fundada em Andorra, que agrupa empresas e grupos empresariais de origem familiar ou com um conselho de administra\u00e7\u00e3o.<\/p>\n<p style=\"text-align: justify;\">Em 27 de junho de 2014, a Associa\u00e7\u00e3o Andorrana de Empresas Familiares, com o objetivo de ajudar as empresas familiares associadas a &#8220;adaptarem-se aos novos tempos&#8221;, organizou uma confer\u00eancia para promover o empreendedorismo empresarial centrado nos escrit\u00f3rios familiares, uma tradi\u00e7\u00e3o que est\u00e1 a desaparecer com o passar do tempo.<\/p>\n<p style=\"text-align: justify;\">Tivemos o prazer de participar no evento. Joan Riera, Diretor Executivo da Active Development , apresentou o programa &#8220;empreendedorismo empresarial&#8221;. N\u00e3o \u00e9 necess\u00e1rio deixar a empresa familiar para ser empres\u00e1rio, podemos dot\u00e1-la de mecanismos que permitam atrair e filtrar a inova\u00e7\u00e3o.<\/p>\n<p style=\"text-align: justify;\">Um dia em que n\u00f3s e os participantes nos divertimos, aprendemos e partilh\u00e1mos experi\u00eancias.<\/p>\n<p style=\"text-align: justify;\">\n","protected":false},"excerpt":{"rendered":"<p>A associa\u00e7\u00e3o &#8220;Empresa Familiar Andorrana&#8221; (EFA) \u00e9 uma institui\u00e7\u00e3o civil privada, sem fins lucrativos, fundada em Andorra, que agrupa empresas e grupos empresariais de origem familiar ou com um conselho de administra\u00e7\u00e3o. Em 27 de junho de 2014, a Associa\u00e7\u00e3o Andorrana de Empresas Familiares, com o objetivo de ajudar as empresas familiares associadas a &#8220;adaptarem-se [&hellip;]<\/p>\n","protected":false},"author":6,"featured_media":0,"comment_status":"closed","ping_status":"closed","sticky":false,"template":"","format":"standard","meta":{"_acf_changed":false,"footnotes":""},"categories":[1049],"tags":[],"acf":[],"yoast_head":"<!-- This site is optimized with the Yoast SEO plugin v18.0 - https:\/\/yoast.com\/wordpress\/plugins\/seo\/ -->\n<title>XVI Ciclo da Empresa Familiar e Qualidade<\/title>\n<meta name=\"description\" content=\"Uma confer\u00eancia organizada em 27 de junho de 2014 pela Empresa Familiar Andorrana para ajudar as empresas associadas a adaptarem-se aos novos tempos.\" \/>\n<meta name=\"robots\" content=\"index, follow, max-snippet:-1, max-image-preview:large, max-video-preview:-1\" \/>\n<link rel=\"canonical\" href=\"https:\/\/www.activede.com\/pt-pt\/xvi-empresa-familiar-e-ciclo-da-qualidade\/\" \/>\n<meta property=\"og:locale\" content=\"pt_PT\" \/>\n<meta property=\"og:type\" content=\"article\" \/>\n<meta property=\"og:title\" content=\"XVI Ciclo da Empresa Familiar e Qualidade\" \/>\n<meta property=\"og:description\" content=\"Uma confer\u00eancia organizada em 27 de junho de 2014 pela Empresa Familiar Andorrana para ajudar as empresas associadas a adaptarem-se aos novos tempos.\" \/>\n<meta property=\"og:url\" content=\"https:\/\/www.activede.com\/pt-pt\/xvi-empresa-familiar-e-ciclo-da-qualidade\/\" \/>\n<meta property=\"og:site_name\" content=\"Active Development\" \/>\n<meta property=\"article:publisher\" content=\"https:\/\/www.facebook.com\/Active.Development\" \/>\n<meta property=\"article:published_time\" content=\"2024-04-09T07:38:06+00:00\" \/>\n<meta property=\"article:modified_time\" content=\"2024-04-09T13:41:27+00:00\" \/>\n<meta name=\"twitter:card\" content=\"summary_large_image\" \/>\n<meta name=\"twitter:creator\" content=\"@ActiveDe\" \/>\n<meta name=\"twitter:site\" content=\"@ActiveDe\" \/>\n<meta name=\"twitter:label1\" content=\"Written by\" \/>\n\t<meta name=\"twitter:data1\" content=\"Jordi Riera\" \/>\n\t<meta name=\"twitter:label2\" content=\"Est. reading time\" \/>\n\t<meta name=\"twitter:data2\" content=\"1 minute\" \/>\n<script type=\"application\/ld+json\" class=\"yoast-schema-graph\">{\"@context\":\"https:\/\/schema.org\",\"@graph\":[{\"@type\":\"Organization\",\"@id\":\"https:\/\/www.activede.com\/ca\/#organization\",\"name\":\"ACTIVE DEVELOPMENT\",\"url\":\"https:\/\/www.activede.com\/ca\/\",\"sameAs\":[\"https:\/\/www.facebook.com\/Active.Development\",\"https:\/\/www.linkedin.com\/company\/999561?trk=tyah&amp;amp;trkInfo=tarId:1419004716750,tas:active development,idx:2-1-3\",\"http:\/\/www.youtube.com\/user\/ActiveDevelopment\",\"https:\/\/twitter.com\/ActiveDe\"],\"logo\":{\"@type\":\"ImageObject\",\"@id\":\"https:\/\/www.activede.com\/ca\/#logo\",\"inLanguage\":\"pt-PT\",\"url\":\"https:\/\/www.activede.com\/wp-content\/uploads\/2018\/10\/logoAD-min.png\",\"contentUrl\":\"https:\/\/www.activede.com\/wp-content\/uploads\/2018\/10\/logoAD-min.png\",\"width\":225,\"height\":51,\"caption\":\"ACTIVE DEVELOPMENT\"},\"image\":{\"@id\":\"https:\/\/www.activede.com\/ca\/#logo\"}},{\"@type\":\"WebSite\",\"@id\":\"https:\/\/www.activede.com\/ca\/#website\",\"url\":\"https:\/\/www.activede.com\/ca\/\",\"name\":\"Active Development\",\"description\":\"\",\"publisher\":{\"@id\":\"https:\/\/www.activede.com\/ca\/#organization\"},\"potentialAction\":[{\"@type\":\"SearchAction\",\"target\":{\"@type\":\"EntryPoint\",\"urlTemplate\":\"https:\/\/www.activede.com\/ca\/?s={search_term_string}\"},\"query-input\":\"required name=search_term_string\"}],\"inLanguage\":\"pt-PT\"},{\"@type\":\"WebPage\",\"@id\":\"https:\/\/www.activede.com\/pt-pt\/xvi-empresa-familiar-e-ciclo-da-qualidade\/#webpage\",\"url\":\"https:\/\/www.activede.com\/pt-pt\/xvi-empresa-familiar-e-ciclo-da-qualidade\/\",\"name\":\"XVI Ciclo da Empresa Familiar e Qualidade\",\"isPartOf\":{\"@id\":\"https:\/\/www.activede.com\/ca\/#website\"},\"datePublished\":\"2024-04-09T07:38:06+00:00\",\"dateModified\":\"2024-04-09T13:41:27+00:00\",\"description\":\"Uma confer\u00eancia organizada em 27 de junho de 2014 pela Empresa Familiar Andorrana para ajudar as empresas associadas a adaptarem-se aos novos tempos.\",\"breadcrumb\":{\"@id\":\"https:\/\/www.activede.com\/pt-pt\/xvi-empresa-familiar-e-ciclo-da-qualidade\/#breadcrumb\"},\"inLanguage\":\"pt-PT\",\"potentialAction\":[{\"@type\":\"ReadAction\",\"target\":[\"https:\/\/www.activede.com\/pt-pt\/xvi-empresa-familiar-e-ciclo-da-qualidade\/\"]}]},{\"@type\":\"BreadcrumbList\",\"@id\":\"https:\/\/www.activede.com\/pt-pt\/xvi-empresa-familiar-e-ciclo-da-qualidade\/#breadcrumb\",\"itemListElement\":[{\"@type\":\"ListItem\",\"position\":1,\"name\":\"Home\"}]},{\"@type\":\"Article\",\"@id\":\"https:\/\/www.activede.com\/pt-pt\/xvi-empresa-familiar-e-ciclo-da-qualidade\/#article\",\"isPartOf\":{\"@id\":\"https:\/\/www.activede.com\/pt-pt\/xvi-empresa-familiar-e-ciclo-da-qualidade\/#webpage\"},\"author\":{\"@id\":\"https:\/\/www.activede.com\/ca\/#\/schema\/person\/ccbab7b15b363cabae4e402aea60b28d\"},\"headline\":\"XVI Empresa Familiar e Ciclo da Qualidade\",\"datePublished\":\"2024-04-09T07:38:06+00:00\",\"dateModified\":\"2024-04-09T13:41:27+00:00\",\"mainEntityOfPage\":{\"@id\":\"https:\/\/www.activede.com\/pt-pt\/xvi-empresa-familiar-e-ciclo-da-qualidade\/#webpage\"},\"wordCount\":153,\"publisher\":{\"@id\":\"https:\/\/www.activede.com\/ca\/#organization\"},\"articleSection\":[\"N\u00e3o categorizado\"],\"inLanguage\":\"pt-PT\"},{\"@type\":\"Person\",\"@id\":\"https:\/\/www.activede.com\/ca\/#\/schema\/person\/ccbab7b15b363cabae4e402aea60b28d\",\"name\":\"Jordi Riera\",\"image\":{\"@type\":\"ImageObject\",\"@id\":\"https:\/\/www.activede.com\/ca\/#personlogo\",\"inLanguage\":\"pt-PT\",\"url\":\"https:\/\/secure.gravatar.com\/avatar\/286e85ee4dabace46d88ff68f600eae4?s=96&d=mm&r=g\",\"contentUrl\":\"https:\/\/secure.gravatar.com\/avatar\/286e85ee4dabace46d88ff68f600eae4?s=96&d=mm&r=g\",\"caption\":\"Jordi Riera\"},\"sameAs\":[\"http:\/\/mktdirector.com\"]}]}<\/script>\n<!-- \/ Yoast SEO plugin. -->","yoast_head_json":{"title":"XVI Ciclo da Empresa Familiar e Qualidade","description":"Uma confer\u00eancia organizada em 27 de junho de 2014 pela Empresa Familiar Andorrana para ajudar as empresas associadas a adaptarem-se aos novos tempos.","robots":{"index":"index","follow":"follow","max-snippet":"max-snippet:-1","max-image-preview":"max-image-preview:large","max-video-preview":"max-video-preview:-1"},"canonical":"https:\/\/www.activede.com\/pt-pt\/xvi-empresa-familiar-e-ciclo-da-qualidade\/","og_locale":"pt_PT","og_type":"article","og_title":"XVI Ciclo da Empresa Familiar e Qualidade","og_description":"Uma confer\u00eancia organizada em 27 de junho de 2014 pela Empresa Familiar Andorrana para ajudar as empresas associadas a adaptarem-se aos novos tempos.","og_url":"https:\/\/www.activede.com\/pt-pt\/xvi-empresa-familiar-e-ciclo-da-qualidade\/","og_site_name":"Active Development","article_publisher":"https:\/\/www.facebook.com\/Active.Development","article_published_time":"2024-04-09T07:38:06+00:00","article_modified_time":"2024-04-09T13:41:27+00:00","twitter_card":"summary_large_image","twitter_creator":"@ActiveDe","twitter_site":"@ActiveDe","twitter_misc":{"Written by":"Jordi Riera","Est. reading time":"1 minute"},"schema":{"@context":"https:\/\/schema.org","@graph":[{"@type":"Organization","@id":"https:\/\/www.activede.com\/ca\/#organization","name":"ACTIVE DEVELOPMENT","url":"https:\/\/www.activede.com\/ca\/","sameAs":["https:\/\/www.facebook.com\/Active.Development","https:\/\/www.linkedin.com\/company\/999561?trk=tyah&amp;amp;trkInfo=tarId:1419004716750,tas:active development,idx:2-1-3","http:\/\/www.youtube.com\/user\/ActiveDevelopment","https:\/\/twitter.com\/ActiveDe"],"logo":{"@type":"ImageObject","@id":"https:\/\/www.activede.com\/ca\/#logo","inLanguage":"pt-PT","url":"https:\/\/www.activede.com\/wp-content\/uploads\/2018\/10\/logoAD-min.png","contentUrl":"https:\/\/www.activede.com\/wp-content\/uploads\/2018\/10\/logoAD-min.png","width":225,"height":51,"caption":"ACTIVE DEVELOPMENT"},"image":{"@id":"https:\/\/www.activede.com\/ca\/#logo"}},{"@type":"WebSite","@id":"https:\/\/www.activede.com\/ca\/#website","url":"https:\/\/www.activede.com\/ca\/","name":"Active Development","description":"","publisher":{"@id":"https:\/\/www.activede.com\/ca\/#organization"},"potentialAction":[{"@type":"SearchAction","target":{"@type":"EntryPoint","urlTemplate":"https:\/\/www.activede.com\/ca\/?s={search_term_string}"},"query-input":"required name=search_term_string"}],"inLanguage":"pt-PT"},{"@type":"WebPage","@id":"https:\/\/www.activede.com\/pt-pt\/xvi-empresa-familiar-e-ciclo-da-qualidade\/#webpage","url":"https:\/\/www.activede.com\/pt-pt\/xvi-empresa-familiar-e-ciclo-da-qualidade\/","name":"XVI Ciclo da Empresa Familiar e Qualidade","isPartOf":{"@id":"https:\/\/www.activede.com\/ca\/#website"},"datePublished":"2024-04-09T07:38:06+00:00","dateModified":"2024-04-09T13:41:27+00:00","description":"Uma confer\u00eancia organizada em 27 de junho de 2014 pela Empresa Familiar Andorrana para ajudar as empresas associadas a adaptarem-se aos novos tempos.","breadcrumb":{"@id":"https:\/\/www.activede.com\/pt-pt\/xvi-empresa-familiar-e-ciclo-da-qualidade\/#breadcrumb"},"inLanguage":"pt-PT","potentialAction":[{"@type":"ReadAction","target":["https:\/\/www.activede.com\/pt-pt\/xvi-empresa-familiar-e-ciclo-da-qualidade\/"]}]},{"@type":"BreadcrumbList","@id":"https:\/\/www.activede.com\/pt-pt\/xvi-empresa-familiar-e-ciclo-da-qualidade\/#breadcrumb","itemListElement":[{"@type":"ListItem","position":1,"name":"Home"}]},{"@type":"Article","@id":"https:\/\/www.activede.com\/pt-pt\/xvi-empresa-familiar-e-ciclo-da-qualidade\/#article","isPartOf":{"@id":"https:\/\/www.activede.com\/pt-pt\/xvi-empresa-familiar-e-ciclo-da-qualidade\/#webpage"},"author":{"@id":"https:\/\/www.activede.com\/ca\/#\/schema\/person\/ccbab7b15b363cabae4e402aea60b28d"},"headline":"XVI Empresa Familiar e Ciclo da Qualidade","datePublished":"2024-04-09T07:38:06+00:00","dateModified":"2024-04-09T13:41:27+00:00","mainEntityOfPage":{"@id":"https:\/\/www.activede.com\/pt-pt\/xvi-empresa-familiar-e-ciclo-da-qualidade\/#webpage"},"wordCount":153,"publisher":{"@id":"https:\/\/www.activede.com\/ca\/#organization"},"articleSection":["N\u00e3o categorizado"],"inLanguage":"pt-PT"},{"@type":"Person","@id":"https:\/\/www.activede.com\/ca\/#\/schema\/person\/ccbab7b15b363cabae4e402aea60b28d","name":"Jordi Riera","image":{"@type":"ImageObject","@id":"https:\/\/www.activede.com\/ca\/#personlogo","inLanguage":"pt-PT","url":"https:\/\/secure.gravatar.com\/avatar\/286e85ee4dabace46d88ff68f600eae4?s=96&d=mm&r=g","contentUrl":"https:\/\/secure.gravatar.com\/avatar\/286e85ee4dabace46d88ff68f600eae4?s=96&d=mm&r=g","caption":"Jordi Riera"},"sameAs":["http:\/\/mktdirector.com"]}]}},"_links":{"self":[{"href":"https:\/\/www.activede.com\/pt-pt\/wp-json\/wp\/v2\/posts\/17003"}],"collection":[{"href":"https:\/\/www.activede.com\/pt-pt\/wp-json\/wp\/v2\/posts"}],"about":[{"href":"https:\/\/www.activede.com\/pt-pt\/wp-json\/wp\/v2\/types\/post"}],"author":[{"embeddable":true,"href":"https:\/\/www.activede.com\/pt-pt\/wp-json\/wp\/v2\/users\/6"}],"replies":[{"embeddable":true,"href":"https:\/\/www.activede.com\/pt-pt\/wp-json\/wp\/v2\/comments?post=17003"}],"version-history":[{"count":2,"href":"https:\/\/www.activede.com\/pt-pt\/wp-json\/wp\/v2\/posts\/17003\/revisions"}],"predecessor-version":[{"id":17022,"href":"https:\/\/www.activede.com\/pt-pt\/wp-json\/wp\/v2\/posts\/17003\/revisions\/17022"}],"wp:attachment":[{"href":"https:\/\/www.activede.com\/pt-pt\/wp-json\/wp\/v2\/media?parent=17003"}],"wp:term":[{"taxonomy":"category","embeddable":true,"href":"https:\/\/www.activede.com\/pt-pt\/wp-json\/wp\/v2\/categories?post=17003"},{"taxonomy":"post_tag","embeddable":true,"href":"https:\/\/www.activede.com\/pt-pt\/wp-json\/wp\/v2\/tags?post=17003"}],"curies":[{"name":"wp","href":"https:\/\/api.w.org\/{rel}","templated":true}]}}