{"id":16836,"date":"2024-04-05T08:41:05","date_gmt":"2024-04-05T08:41:05","guid":{"rendered":"https:\/\/www.activede.com\/16836\/"},"modified":"2024-04-09T20:30:46","modified_gmt":"2024-04-09T20:30:46","slug":"empreendedorismo-corporativo-rumo-a-uma-empresa-inovadora-3","status":"publish","type":"post","link":"https:\/\/www.activede.com\/pt-pt\/empreendedorismo-corporativo-rumo-a-uma-empresa-inovadora-3\/","title":{"rendered":"Empreendedorismo Corporativo: Rumo a uma empresa inovadora"},"content":{"rendered":"<p><main class=\"conte\u00fado da p\u00e1gina modelo av-content-small unidades alfa\" role=\"main\"><\/p>\n<div class=\"post-entry post-entry-type-page post-entry-9768\">\n<div class=\"entry-content-wrapper clearfix\">\n<div class=\"flex_column av_one_full flex_column_div av-zero-column-padding primeiro avia-builder-el-0 avia-builder-el-no-sibling \">\n<section class=\"av_textblock_section \">\n<div class=\"avia_textblock \">\n<p>O empreendedorismo corporativo \u00e9 uma combina\u00e7\u00e3o de estrat\u00e9gia e ecossistema para identificar, incentivar e cultivar o esp\u00edrito empreendedor das pessoas da organiza\u00e7\u00e3o, juntamente com ferramentas e atividades para identificar oportunidades e desenvolver novos projetos de neg\u00f3cios, tornando organiza\u00e7\u00f5es mais inovadoras, \u00e1geis e adaptativas.<\/p>\n<p>Infelizmente, na maioria das grandes empresas, a natureza empreendedora n\u00e3o costuma ser compat\u00edvel com o seu ambiente de trabalho: est\u00e1vel, burocr\u00e1tico, com tomadas de decis\u00e3o lentas, tempos de rea\u00e7\u00e3o muito longos, or\u00e7amentos anuais r\u00edgidos, falta de flexibilidade ou estruturas hier\u00e1rquicas complexas.<\/p>\n<p><img fetchpriority=\"high\" decoding=\"async\" width=\"300\" height=\"300\" class=\"alignnone size-medium wp-image-9229\" src=\"https:\/\/www.activede.com\/wp-content\/uploads\/2016\/08\/emprendimiento-300x300.jpg\" tamanhos=\"(max- largura: 300px) 100vw, 300px\" srcset=\"https:\/\/www.activede.com\/wp-content\/uploads\/2016\/08\/emprendimiento-300x300.jpg 300w, https:\/\/www.activede.com\/wp- content\/uploads\/2016\/08\/emprendimiento-80x80.jpg 80w, https:\/\/www.activede.com\/wp-content\/uploads\/2016\/08\/emprendimiento-768x768.jpg 768w, https:\/\/www.activede. com\/wp-content\/uploads\/2016\/08\/emprendimiento-36x36.jpg 36w, https:\/\/www.activede.com\/wp-content\/uploads\/2016\/08\/emprendimiento-180x180.jpg 180w, https:\/\/ www.activede.com\/wp-content\/uploads\/2016\/08\/emprendimiento-705x705.jpg 705w, https:\/\/www.activede.com\/wp-content\/uploads\/2016\/08\/emprendimiento-120x120.jpg 120w, https:\/\/www.activede.com\/wp-content\/uploads\/2016\/08\/emprendimiento-450x450.jpg 450w, https:\/\/www.activede.com\/wp-content\/uploads\/2016\/08\/emprendimiento.jpg 800w\" alt=\"\" largura=\"300\" altura=\"300\" \/><\/p>\n<h3><a href=\"https:\/\/www.activede.com\/es\/gestion-de-la-innovacion\/#sthash.8B4olW2U.dpbs\" target=\"_blank\" rel=\"noopener noreferrer\">Descubra como o Active O desenvolvimento pode potencializar a Inova\u00e7\u00e3o da sua empresa e torn\u00e1-la lucrativa<\/a><\/h3>\n<p>As mudan\u00e7as culturais nas organiza\u00e7\u00f5es tradicionais n\u00e3o s\u00e3o imposs\u00edveis e ocorrem gradativamente, muitas vezes com a ajuda externa de especialistas que orientam e mostram um novo itiner\u00e1rio. Na Active Development temos vivido experi\u00eancias com clientes de m\u00faltiplos setores, verificando que se criam h\u00e1bitos e se promovem novos valores. Com o apoio da alta administra\u00e7\u00e3o, juntos dotamos a organiza\u00e7\u00e3o de dinamismo e car\u00e1ter empreendedor, o que resulta em inova\u00e7\u00e3o mais intensa e rent\u00e1vel, al\u00e9m de aumentar a motiva\u00e7\u00e3o, o desempenho e a reten\u00e7\u00e3o de talentos. Uma atitude empreendedora que se caracteriza por:<\/p>\n<ul>\n<li><strong>Paix\u00e3o:<\/strong> Ingrediente essencial que mobiliza e atrai recursos. Pode ser sentido e quase medido em dist\u00e2ncias curtas. Est\u00e1 diretamente relacionado \u00e0 capacidade de vender o sonho e compartilhar a vis\u00e3o. Tamb\u00e9m tem impacto direto na capacidade de aceitar o fracasso e a persist\u00eancia, de \u201cse levantar\u201d quantas vezes forem necess\u00e1rias.<\/li>\n<\/ul>\n<ul>\n<li><strong>Uma \u00f3tima experi\u00eancia:<\/strong> Cada projeto \u00e9 uma nova jornada e, como tal, tamb\u00e9m uma \u00f3tima experi\u00eancia. Empreender \u00e9 aprender, \u00e9 ar puro, \u00e9 enfrentar o desconhecido, \u00e9 sair da zona de conforto, \u00e9 descobrir novos horizontes.<\/li>\n<\/ul>\n<ul>\n<li><strong>Eles assumem riscos de forma inteligente:<\/strong> o risco \u00e9 inerente a qualquer nova aventura. Quanto mais planeamos, mais reduzimos a incerteza, embora nunca consigamos elimin\u00e1-la completamente. N\u00e3o \u00e9 de forma alguma um problema, pelo contr\u00e1rio, \u00e9 um incentivo. O risco faz voc\u00ea se sentir vivo, ele te ativa. No final das contas, os empreendedores s\u00e3o gestores de risco, muito menos pessoas suicidas que jogam ao acaso.<\/li>\n<\/ul>\n<ul>\n<li><strong>Trabalhadores:<\/strong> Quando voc\u00ea est\u00e1 animado, gosta e se diverte, dedica mais tempo a isso. Mesmo que voc\u00ea trabalhe mais, n\u00e3o fica chato, pois h\u00e1 muitos elementos que mais do que compensam o esfor\u00e7o. S\u00f3 o que voc\u00ea n\u00e3o gosta \u00e9 cansativo. \u00c9 preciso saber encontrar o equil\u00edbrio, para conseguir conciliar a vida profissional e pessoal, o que ser\u00e1 mais f\u00e1cil quando se trabalha em ambiente corporativo. Devemos sempre lembrar que se trata de acrescentar anos \u00e0 vida, mas vida aos anos.<\/li>\n<\/ul>\n<ul>\n<li><strong>Confiantes em si mesmos.<\/strong> O intraempreendedorismo envolve assumir um desafio, n\u00e3o apenas como um objetivo a alcan\u00e7ar, mas tamb\u00e9m como um desafio pessoal. Envolve testar-se mais uma vez, ent\u00e3o \u00e9 melhor voc\u00ea ter um pouco de confian\u00e7a em si mesmo.<\/li>\n<\/ul>\n<ul>\n<li><strong>Otimista.<\/strong> Sem d\u00favida um ingrediente fundamental, embora n\u00e3o implique que toda a equipe deva estar extremamente otimista. Devemos procurar um equil\u00edbrio, mas uma clara tend\u00eancia para o optimismo. A NASA avalia o quociente de otimismo para decidir qual astronauta enviar \u00e0 Lua. Temos que evitar membros que, n\u00e3o importa o que se fale, nunca concordam, aqueles que n\u00e3o gostam de nada na vida e que acreditam que nasceram com azar no DNA. Devemos distinguir os elementos t\u00f3xicos dos cr\u00edticos que realmente agregam valor.<\/li>\n<\/ul>\n<ul>\n<li><strong>Independ\u00eancia.<\/strong> Os empreendedores s\u00e3o esp\u00e9cies acostumadas \u00e0 liberdade, algo claramente incompat\u00edvel em muitas corpora\u00e7\u00f5es. A liberdade n\u00e3o tem pre\u00e7o, por isso pode ser um grande incentivo sem ter que arcar com custos. Eles adoram ter um certo grau de independ\u00eancia para poder pilotar seu projeto de forma aut\u00f4noma.<\/li>\n<\/ul>\n<ul>\n<li><strong>Competir para vencer.<\/strong> O desafio e a competitividade desempenham um papel atrativo muito interessante. Gostam de visibilidade e comprometimento, s\u00e3o motivados pelo desafio e pela vit\u00f3ria.<\/li>\n<\/ul>\n<ul>\n<li><strong>Esp\u00edrito de melhoria.<\/strong> Melhorar, deixar marca, evoluir. Tamb\u00e9m um ingrediente chave \u00e9 um certo grau de ambi\u00e7\u00e3o, que nos leva a querer mais para alcan\u00e7ar algo relevante. A felicidade nunca vem de conseguir algo, a felicidade vem de ter motivos para continuar, agir e se mover.<\/li>\n<\/ul>\n<ul>\n<li><strong>A possibilidade de ganhar mais.<\/strong> E, claro, para muitos, o mais importante tamb\u00e9m \u00e9 o acesso a um novo n\u00edvel de remunera\u00e7\u00e3o que realmente recompense as habilidades e o esfor\u00e7o.<\/li>\n<\/ul>\n<ul>\n<li><strong>Senso de Humor:<\/strong> Men\u00e7\u00e3o especial merece o senso de humor, que, bem administrado, pode ser uma ferramenta de gest\u00e3o muito s\u00e9ria. Desfrutar e aprender faz parte de qualquer processo empreendedor e por isso vale a pena geri-lo para obter elevados n\u00edveis de motiva\u00e7\u00e3o, energia e fideliza\u00e7\u00e3o.<\/li>\n<\/ul>\n<p>N\u00e3o importa a idade, tamanho ou perfil da sua empresa. Empreender n\u00e3o \u00e9 uma moda, \u00e9 uma necessidade. Responder a um ambiente que muda cada vez mais rapidamente exige tempos de rea\u00e7\u00e3o curtos, flexibilidade e, acima de tudo, uma equipa motivada, empenhada e orientada para novos desafios.<\/p>\n<h3><a href=\"https:\/\/www.activede.com\/es\/gestion-de-la-innovacion\/#sthash.8B4olW2U.dpbs\" target=\"_blank\" rel=\"noopener noreferrer\">Descubra como o Active O desenvolvimento pode potencializar a Inova\u00e7\u00e3o da sua empresa e torn\u00e1-la lucrativa<\/a><\/h3>\n<\/div>\n<p><\/se\u00e7\u00e3o><\/div>\n<\/div>\n<\/div>\n<\/principal>\n","protected":false},"excerpt":{"rendered":"<p>O empreendedorismo corporativo \u00e9 uma combina\u00e7\u00e3o de estrat\u00e9gia e ecossistema para identificar, incentivar e cultivar o esp\u00edrito empreendedor das pessoas da organiza\u00e7\u00e3o, juntamente com ferramentas e atividades para identificar oportunidades e desenvolver novos projetos de neg\u00f3cios, tornando organiza\u00e7\u00f5es mais inovadoras, \u00e1geis e adaptativas. Infelizmente, na maioria das grandes empresas, a natureza empreendedora n\u00e3o costuma ser [&hellip;]<\/p>\n","protected":false},"author":6,"featured_media":16838,"comment_status":"closed","ping_status":"closed","sticky":false,"template":"","format":"image","meta":{"_acf_changed":false,"footnotes":""},"categories":[907,925,904],"tags":[],"acf":[],"yoast_head":"<!-- This site is optimized with the Yoast SEO plugin v18.0 - https:\/\/yoast.com\/wordpress\/plugins\/seo\/ -->\n<title>Empreendedorismo empresarial: rumo a uma empresa inovadora<\/title>\n<meta name=\"description\" content=\"O empreendedorismo empresarial \u00e9 uma combina\u00e7\u00e3o de estrat\u00e9gia e ecossistema para identificar, promover e fomentar o empreendedorismo.\" \/>\n<meta name=\"robots\" content=\"index, follow, max-snippet:-1, max-image-preview:large, max-video-preview:-1\" \/>\n<link rel=\"canonical\" href=\"https:\/\/www.activede.com\/pt-pt\/empreendedorismo-corporativo-rumo-a-uma-empresa-inovadora-3\/\" \/>\n<meta property=\"og:locale\" content=\"pt_PT\" \/>\n<meta property=\"og:type\" content=\"article\" \/>\n<meta property=\"og:title\" content=\"Empreendedorismo empresarial: rumo a uma empresa inovadora\" \/>\n<meta property=\"og:description\" content=\"O empreendedorismo empresarial \u00e9 uma combina\u00e7\u00e3o de estrat\u00e9gia e ecossistema para identificar, promover e fomentar o empreendedorismo.\" \/>\n<meta property=\"og:url\" content=\"https:\/\/www.activede.com\/pt-pt\/empreendedorismo-corporativo-rumo-a-uma-empresa-inovadora-3\/\" \/>\n<meta property=\"og:site_name\" content=\"Active Development\" \/>\n<meta property=\"article:publisher\" content=\"https:\/\/www.facebook.com\/Active.Development\" \/>\n<meta property=\"article:published_time\" content=\"2024-04-05T08:41:05+00:00\" \/>\n<meta property=\"article:modified_time\" content=\"2024-04-09T20:30:46+00:00\" \/>\n<meta property=\"og:image\" content=\"https:\/\/www.activede.com\/wp-content\/uploads\/2016\/08\/entrepenuership_header1.jpg\" \/>\n\t<meta property=\"og:image:width\" content=\"1500\" \/>\n\t<meta property=\"og:image:height\" content=\"473\" \/>\n\t<meta property=\"og:image:type\" content=\"image\/jpeg\" \/>\n<meta name=\"twitter:card\" content=\"summary_large_image\" \/>\n<meta name=\"twitter:creator\" content=\"@ActiveDe\" \/>\n<meta name=\"twitter:site\" content=\"@ActiveDe\" \/>\n<meta name=\"twitter:label1\" content=\"Written by\" \/>\n\t<meta name=\"twitter:data1\" content=\"Jordi Riera\" \/>\n\t<meta name=\"twitter:label2\" content=\"Est. reading time\" \/>\n\t<meta name=\"twitter:data2\" content=\"4 minutes\" \/>\n<script type=\"application\/ld+json\" class=\"yoast-schema-graph\">{\"@context\":\"https:\/\/schema.org\",\"@graph\":[{\"@type\":\"Organization\",\"@id\":\"https:\/\/www.activede.com\/ca\/#organization\",\"name\":\"ACTIVE DEVELOPMENT\",\"url\":\"https:\/\/www.activede.com\/ca\/\",\"sameAs\":[\"https:\/\/www.facebook.com\/Active.Development\",\"https:\/\/www.linkedin.com\/company\/999561?trk=tyah&amp;amp;trkInfo=tarId:1419004716750,tas:active development,idx:2-1-3\",\"http:\/\/www.youtube.com\/user\/ActiveDevelopment\",\"https:\/\/twitter.com\/ActiveDe\"],\"logo\":{\"@type\":\"ImageObject\",\"@id\":\"https:\/\/www.activede.com\/ca\/#logo\",\"inLanguage\":\"pt-PT\",\"url\":\"https:\/\/www.activede.com\/wp-content\/uploads\/2018\/10\/logoAD-min.png\",\"contentUrl\":\"https:\/\/www.activede.com\/wp-content\/uploads\/2018\/10\/logoAD-min.png\",\"width\":225,\"height\":51,\"caption\":\"ACTIVE DEVELOPMENT\"},\"image\":{\"@id\":\"https:\/\/www.activede.com\/ca\/#logo\"}},{\"@type\":\"WebSite\",\"@id\":\"https:\/\/www.activede.com\/ca\/#website\",\"url\":\"https:\/\/www.activede.com\/ca\/\",\"name\":\"Active Development\",\"description\":\"\",\"publisher\":{\"@id\":\"https:\/\/www.activede.com\/ca\/#organization\"},\"potentialAction\":[{\"@type\":\"SearchAction\",\"target\":{\"@type\":\"EntryPoint\",\"urlTemplate\":\"https:\/\/www.activede.com\/ca\/?s={search_term_string}\"},\"query-input\":\"required name=search_term_string\"}],\"inLanguage\":\"pt-PT\"},{\"@type\":\"ImageObject\",\"@id\":\"https:\/\/www.activede.com\/pt-pt\/empreendedorismo-corporativo-rumo-a-uma-empresa-inovadora-3\/#primaryimage\",\"inLanguage\":\"pt-PT\",\"url\":\"https:\/\/www.activede.com\/wp-content\/uploads\/2016\/08\/entrepenuership_header1.jpg\",\"contentUrl\":\"https:\/\/www.activede.com\/wp-content\/uploads\/2016\/08\/entrepenuership_header1.jpg\",\"width\":1500,\"height\":473},{\"@type\":\"WebPage\",\"@id\":\"https:\/\/www.activede.com\/pt-pt\/empreendedorismo-corporativo-rumo-a-uma-empresa-inovadora-3\/#webpage\",\"url\":\"https:\/\/www.activede.com\/pt-pt\/empreendedorismo-corporativo-rumo-a-uma-empresa-inovadora-3\/\",\"name\":\"Empreendedorismo empresarial: rumo a uma empresa inovadora\",\"isPartOf\":{\"@id\":\"https:\/\/www.activede.com\/ca\/#website\"},\"primaryImageOfPage\":{\"@id\":\"https:\/\/www.activede.com\/pt-pt\/empreendedorismo-corporativo-rumo-a-uma-empresa-inovadora-3\/#primaryimage\"},\"datePublished\":\"2024-04-05T08:41:05+00:00\",\"dateModified\":\"2024-04-09T20:30:46+00:00\",\"description\":\"O empreendedorismo empresarial \u00e9 uma combina\u00e7\u00e3o de estrat\u00e9gia e ecossistema para identificar, promover e fomentar o empreendedorismo.\",\"breadcrumb\":{\"@id\":\"https:\/\/www.activede.com\/pt-pt\/empreendedorismo-corporativo-rumo-a-uma-empresa-inovadora-3\/#breadcrumb\"},\"inLanguage\":\"pt-PT\",\"potentialAction\":[{\"@type\":\"ReadAction\",\"target\":[\"https:\/\/www.activede.com\/pt-pt\/empreendedorismo-corporativo-rumo-a-uma-empresa-inovadora-3\/\"]}]},{\"@type\":\"BreadcrumbList\",\"@id\":\"https:\/\/www.activede.com\/pt-pt\/empreendedorismo-corporativo-rumo-a-uma-empresa-inovadora-3\/#breadcrumb\",\"itemListElement\":[{\"@type\":\"ListItem\",\"position\":1,\"name\":\"Home\"}]},{\"@type\":\"Article\",\"@id\":\"https:\/\/www.activede.com\/pt-pt\/empreendedorismo-corporativo-rumo-a-uma-empresa-inovadora-3\/#article\",\"isPartOf\":{\"@id\":\"https:\/\/www.activede.com\/pt-pt\/empreendedorismo-corporativo-rumo-a-uma-empresa-inovadora-3\/#webpage\"},\"author\":{\"@id\":\"https:\/\/www.activede.com\/ca\/#\/schema\/person\/ccbab7b15b363cabae4e402aea60b28d\"},\"headline\":\"Empreendedorismo Corporativo: Rumo a uma empresa inovadora\",\"datePublished\":\"2024-04-05T08:41:05+00:00\",\"dateModified\":\"2024-04-09T20:30:46+00:00\",\"mainEntityOfPage\":{\"@id\":\"https:\/\/www.activede.com\/pt-pt\/empreendedorismo-corporativo-rumo-a-uma-empresa-inovadora-3\/#webpage\"},\"wordCount\":887,\"publisher\":{\"@id\":\"https:\/\/www.activede.com\/ca\/#organization\"},\"image\":{\"@id\":\"https:\/\/www.activede.com\/pt-pt\/empreendedorismo-corporativo-rumo-a-uma-empresa-inovadora-3\/#primaryimage\"},\"thumbnailUrl\":\"https:\/\/www.activede.com\/wp-content\/uploads\/2016\/08\/entrepenuership_header1.jpg\",\"articleSection\":[\"A nossa equipa pronuncia-se\",\"Empres\u00e1rios\",\"Not\u00edcias\"],\"inLanguage\":\"pt-PT\"},{\"@type\":\"Person\",\"@id\":\"https:\/\/www.activede.com\/ca\/#\/schema\/person\/ccbab7b15b363cabae4e402aea60b28d\",\"name\":\"Jordi Riera\",\"image\":{\"@type\":\"ImageObject\",\"@id\":\"https:\/\/www.activede.com\/ca\/#personlogo\",\"inLanguage\":\"pt-PT\",\"url\":\"https:\/\/secure.gravatar.com\/avatar\/286e85ee4dabace46d88ff68f600eae4?s=96&d=mm&r=g\",\"contentUrl\":\"https:\/\/secure.gravatar.com\/avatar\/286e85ee4dabace46d88ff68f600eae4?s=96&d=mm&r=g\",\"caption\":\"Jordi Riera\"},\"sameAs\":[\"http:\/\/mktdirector.com\"]}]}<\/script>\n<!-- \/ Yoast SEO plugin. -->","yoast_head_json":{"title":"Empreendedorismo empresarial: rumo a uma empresa inovadora","description":"O empreendedorismo empresarial \u00e9 uma combina\u00e7\u00e3o de estrat\u00e9gia e ecossistema para identificar, promover e fomentar o empreendedorismo.","robots":{"index":"index","follow":"follow","max-snippet":"max-snippet:-1","max-image-preview":"max-image-preview:large","max-video-preview":"max-video-preview:-1"},"canonical":"https:\/\/www.activede.com\/pt-pt\/empreendedorismo-corporativo-rumo-a-uma-empresa-inovadora-3\/","og_locale":"pt_PT","og_type":"article","og_title":"Empreendedorismo empresarial: rumo a uma empresa inovadora","og_description":"O empreendedorismo empresarial \u00e9 uma combina\u00e7\u00e3o de estrat\u00e9gia e ecossistema para identificar, promover e fomentar o empreendedorismo.","og_url":"https:\/\/www.activede.com\/pt-pt\/empreendedorismo-corporativo-rumo-a-uma-empresa-inovadora-3\/","og_site_name":"Active Development","article_publisher":"https:\/\/www.facebook.com\/Active.Development","article_published_time":"2024-04-05T08:41:05+00:00","article_modified_time":"2024-04-09T20:30:46+00:00","og_image":[{"width":1500,"height":473,"url":"https:\/\/www.activede.com\/wp-content\/uploads\/2016\/08\/entrepenuership_header1.jpg","type":"image\/jpeg"}],"twitter_card":"summary_large_image","twitter_creator":"@ActiveDe","twitter_site":"@ActiveDe","twitter_misc":{"Written by":"Jordi Riera","Est. reading time":"4 minutes"},"schema":{"@context":"https:\/\/schema.org","@graph":[{"@type":"Organization","@id":"https:\/\/www.activede.com\/ca\/#organization","name":"ACTIVE DEVELOPMENT","url":"https:\/\/www.activede.com\/ca\/","sameAs":["https:\/\/www.facebook.com\/Active.Development","https:\/\/www.linkedin.com\/company\/999561?trk=tyah&amp;amp;trkInfo=tarId:1419004716750,tas:active development,idx:2-1-3","http:\/\/www.youtube.com\/user\/ActiveDevelopment","https:\/\/twitter.com\/ActiveDe"],"logo":{"@type":"ImageObject","@id":"https:\/\/www.activede.com\/ca\/#logo","inLanguage":"pt-PT","url":"https:\/\/www.activede.com\/wp-content\/uploads\/2018\/10\/logoAD-min.png","contentUrl":"https:\/\/www.activede.com\/wp-content\/uploads\/2018\/10\/logoAD-min.png","width":225,"height":51,"caption":"ACTIVE DEVELOPMENT"},"image":{"@id":"https:\/\/www.activede.com\/ca\/#logo"}},{"@type":"WebSite","@id":"https:\/\/www.activede.com\/ca\/#website","url":"https:\/\/www.activede.com\/ca\/","name":"Active Development","description":"","publisher":{"@id":"https:\/\/www.activede.com\/ca\/#organization"},"potentialAction":[{"@type":"SearchAction","target":{"@type":"EntryPoint","urlTemplate":"https:\/\/www.activede.com\/ca\/?s={search_term_string}"},"query-input":"required name=search_term_string"}],"inLanguage":"pt-PT"},{"@type":"ImageObject","@id":"https:\/\/www.activede.com\/pt-pt\/empreendedorismo-corporativo-rumo-a-uma-empresa-inovadora-3\/#primaryimage","inLanguage":"pt-PT","url":"https:\/\/www.activede.com\/wp-content\/uploads\/2016\/08\/entrepenuership_header1.jpg","contentUrl":"https:\/\/www.activede.com\/wp-content\/uploads\/2016\/08\/entrepenuership_header1.jpg","width":1500,"height":473},{"@type":"WebPage","@id":"https:\/\/www.activede.com\/pt-pt\/empreendedorismo-corporativo-rumo-a-uma-empresa-inovadora-3\/#webpage","url":"https:\/\/www.activede.com\/pt-pt\/empreendedorismo-corporativo-rumo-a-uma-empresa-inovadora-3\/","name":"Empreendedorismo empresarial: rumo a uma empresa inovadora","isPartOf":{"@id":"https:\/\/www.activede.com\/ca\/#website"},"primaryImageOfPage":{"@id":"https:\/\/www.activede.com\/pt-pt\/empreendedorismo-corporativo-rumo-a-uma-empresa-inovadora-3\/#primaryimage"},"datePublished":"2024-04-05T08:41:05+00:00","dateModified":"2024-04-09T20:30:46+00:00","description":"O empreendedorismo empresarial \u00e9 uma combina\u00e7\u00e3o de estrat\u00e9gia e ecossistema para identificar, promover e fomentar o empreendedorismo.","breadcrumb":{"@id":"https:\/\/www.activede.com\/pt-pt\/empreendedorismo-corporativo-rumo-a-uma-empresa-inovadora-3\/#breadcrumb"},"inLanguage":"pt-PT","potentialAction":[{"@type":"ReadAction","target":["https:\/\/www.activede.com\/pt-pt\/empreendedorismo-corporativo-rumo-a-uma-empresa-inovadora-3\/"]}]},{"@type":"BreadcrumbList","@id":"https:\/\/www.activede.com\/pt-pt\/empreendedorismo-corporativo-rumo-a-uma-empresa-inovadora-3\/#breadcrumb","itemListElement":[{"@type":"ListItem","position":1,"name":"Home"}]},{"@type":"Article","@id":"https:\/\/www.activede.com\/pt-pt\/empreendedorismo-corporativo-rumo-a-uma-empresa-inovadora-3\/#article","isPartOf":{"@id":"https:\/\/www.activede.com\/pt-pt\/empreendedorismo-corporativo-rumo-a-uma-empresa-inovadora-3\/#webpage"},"author":{"@id":"https:\/\/www.activede.com\/ca\/#\/schema\/person\/ccbab7b15b363cabae4e402aea60b28d"},"headline":"Empreendedorismo Corporativo: Rumo a uma empresa inovadora","datePublished":"2024-04-05T08:41:05+00:00","dateModified":"2024-04-09T20:30:46+00:00","mainEntityOfPage":{"@id":"https:\/\/www.activede.com\/pt-pt\/empreendedorismo-corporativo-rumo-a-uma-empresa-inovadora-3\/#webpage"},"wordCount":887,"publisher":{"@id":"https:\/\/www.activede.com\/ca\/#organization"},"image":{"@id":"https:\/\/www.activede.com\/pt-pt\/empreendedorismo-corporativo-rumo-a-uma-empresa-inovadora-3\/#primaryimage"},"thumbnailUrl":"https:\/\/www.activede.com\/wp-content\/uploads\/2016\/08\/entrepenuership_header1.jpg","articleSection":["A nossa equipa pronuncia-se","Empres\u00e1rios","Not\u00edcias"],"inLanguage":"pt-PT"},{"@type":"Person","@id":"https:\/\/www.activede.com\/ca\/#\/schema\/person\/ccbab7b15b363cabae4e402aea60b28d","name":"Jordi Riera","image":{"@type":"ImageObject","@id":"https:\/\/www.activede.com\/ca\/#personlogo","inLanguage":"pt-PT","url":"https:\/\/secure.gravatar.com\/avatar\/286e85ee4dabace46d88ff68f600eae4?s=96&d=mm&r=g","contentUrl":"https:\/\/secure.gravatar.com\/avatar\/286e85ee4dabace46d88ff68f600eae4?s=96&d=mm&r=g","caption":"Jordi Riera"},"sameAs":["http:\/\/mktdirector.com"]}]}},"_links":{"self":[{"href":"https:\/\/www.activede.com\/pt-pt\/wp-json\/wp\/v2\/posts\/16836"}],"collection":[{"href":"https:\/\/www.activede.com\/pt-pt\/wp-json\/wp\/v2\/posts"}],"about":[{"href":"https:\/\/www.activede.com\/pt-pt\/wp-json\/wp\/v2\/types\/post"}],"author":[{"embeddable":true,"href":"https:\/\/www.activede.com\/pt-pt\/wp-json\/wp\/v2\/users\/6"}],"replies":[{"embeddable":true,"href":"https:\/\/www.activede.com\/pt-pt\/wp-json\/wp\/v2\/comments?post=16836"}],"version-history":[{"count":3,"href":"https:\/\/www.activede.com\/pt-pt\/wp-json\/wp\/v2\/posts\/16836\/revisions"}],"predecessor-version":[{"id":17110,"href":"https:\/\/www.activede.com\/pt-pt\/wp-json\/wp\/v2\/posts\/16836\/revisions\/17110"}],"wp:featuredmedia":[{"embeddable":true,"href":"https:\/\/www.activede.com\/pt-pt\/wp-json\/wp\/v2\/media\/16838"}],"wp:attachment":[{"href":"https:\/\/www.activede.com\/pt-pt\/wp-json\/wp\/v2\/media?parent=16836"}],"wp:term":[{"taxonomy":"category","embeddable":true,"href":"https:\/\/www.activede.com\/pt-pt\/wp-json\/wp\/v2\/categories?post=16836"},{"taxonomy":"post_tag","embeddable":true,"href":"https:\/\/www.activede.com\/pt-pt\/wp-json\/wp\/v2\/tags?post=16836"}],"curies":[{"name":"wp","href":"https:\/\/api.w.org\/{rel}","templated":true}]}}