{"id":5861,"date":"2015-03-06T16:58:46","date_gmt":"2015-03-06T16:58:46","guid":{"rendered":"http:\/\/jrierac.diviagency.org\/?p=5861"},"modified":"2019-05-03T18:06:24","modified_gmt":"2019-05-03T18:06:24","slug":"renuevate-activa-tu-empresa","status":"publish","type":"post","link":"https:\/\/www.activede.com\/en\/renuevate-activa-tu-empresa\/","title":{"rendered":"Renu\u00e9vate: activa tu empresa."},"content":{"rendered":"<p><iframe  id=\"_ytid_46013\"  width=\"1500\" height=\"844\"  data-origwidth=\"1500\" data-origheight=\"844\" src=\"https:\/\/www.youtube.com\/embed\/Uc0j3SPEhf4?enablejsapi=1&#038;autoplay=0&#038;cc_load_policy=0&#038;cc_lang_pref=&#038;iv_load_policy=3&#038;loop=0&#038;modestbranding=0&#038;rel=1&#038;fs=1&#038;playsinline=0&#038;autohide=2&#038;theme=dark&#038;color=red&#038;controls=1&#038;\" class=\"__youtube_prefs__  epyt-is-override  no-lazyload\" title=\"YouTube player\"  allow=\"accelerometer; autoplay; clipboard-write; encrypted-media; gyroscope; picture-in-picture\" allowfullscreen data-no-lazy=\"1\" data-skipgform_ajax_framebjll=\"\"><\/iframe><\/p>\n<p>En este arranque de mes de Marzo Joan Riera, CEO de Active Development y profesor de Emprendedur\u00eda e Innovaci\u00f3n en ESADE, est\u00e1 de sprint, \u00a1No paramos de aparecer en los medios! Algo que en Active Development estamos celebrando como se merece.<\/p>\n<p>Os dejamos con el\u00a0<a title=\"Ren\u00faevate: activa tu empresa\" href=\"http:\/\/blogs.cincodias.com\/idearium\/2015\/03\/activatuempresa.html\" target=\"_blank\" rel=\"noopener noreferrer\">enlace<\/a>\u00a0al blog de CincoD\u00edas con el art\u00edculo \u201cRenu\u00e9vate: activa tu empresa\u201d pero adem\u00e1s \u00a1Hemos rescatado el v\u00eddeo de este pasado 2014 en el que Joan dio la ponencia por primera vez en el Biz Barcelona.<\/p>\n<p>Esperamos como siempre que disfrut\u00e9is del art\u00edculo y del v\u00eddeo tanto como disfrutamos nosotros haciendo los v\u00eddeos y escribiendo las entradas en nuestro blog y redes sociales para compartir el \u00e9xito que sin vosotros no ser\u00eda posible, \u00a1Gracias a todos!<\/p>\n<h6>\u00bfTe gustar\u00eda tener a Joan Riera como ponente en tu pr\u00f3ximo acto? Nos encanta participar. No lo dudes, \u00a1<a title=\"\u00a1Contacta ahora sin compromiso!\" href=\"http:\/\/www.activede.com\/es\/contacto\/consulta-sin-compromiso\/\">Cont\u00e1ctanos<\/a>!<\/h6>\n<p>&nbsp;<\/p>\n","protected":false},"excerpt":{"rendered":"<p>En este arranque de mes de Marzo Joan Riera, CEO de Active Development y profesor de Emprendedur\u00eda e Innovaci\u00f3n en ESADE, est\u00e1 de sprint, \u00a1No paramos de aparecer en los medios! Algo que en Active Development estamos celebrando como se merece. Os dejamos con el\u00a0enlace\u00a0al blog de CincoD\u00edas con el art\u00edculo \u201cRenu\u00e9vate: activa tu empresa\u201d [&hellip;]<\/p>\n","protected":false},"author":6,"featured_media":5182,"comment_status":"open","ping_status":"open","sticky":false,"template":"","format":"video","meta":{"_acf_changed":false,"footnotes":""},"categories":[404,411],"tags":[181,182,67,97],"acf":[],"yoast_head":"<!-- This site is optimized with the Yoast SEO plugin v18.0 - https:\/\/yoast.com\/wordpress\/plugins\/seo\/ -->\n<title>Renu\u00e9vate: activa tu empresa. - Active Development<\/title>\n<meta name=\"description\" content=\"Renu\u00e9vate: Activa tu empresa. Se ha forjado una nueva raza empresarial que combina la flexibilidad con la robustez, \u00bfY t\u00fa, en qu\u00e9 tipo de empresa est\u00e1s?\" \/>\n<meta name=\"robots\" content=\"index, follow, max-snippet:-1, max-image-preview:large, max-video-preview:-1\" \/>\n<link rel=\"canonical\" href=\"https:\/\/www.activede.com\/en\/renuevate-activa-tu-empresa\/\" \/>\n<meta property=\"og:locale\" content=\"en_US\" \/>\n<meta property=\"og:type\" content=\"article\" \/>\n<meta property=\"og:title\" content=\"Renu\u00e9vate: activa tu empresa. - Active Development\" \/>\n<meta property=\"og:description\" content=\"Renu\u00e9vate: Activa tu empresa. Se ha forjado una nueva raza empresarial que combina la flexibilidad con la robustez, \u00bfY t\u00fa, en qu\u00e9 tipo de empresa est\u00e1s?\" \/>\n<meta property=\"og:url\" content=\"https:\/\/www.activede.com\/en\/renuevate-activa-tu-empresa\/\" \/>\n<meta property=\"og:site_name\" content=\"Active Development\" \/>\n<meta property=\"article:publisher\" content=\"https:\/\/www.facebook.com\/Active.Development\" \/>\n<meta property=\"article:published_time\" content=\"2015-03-06T16:58:46+00:00\" \/>\n<meta property=\"article:modified_time\" content=\"2019-05-03T18:06:24+00:00\" \/>\n<meta name=\"twitter:card\" content=\"summary_large_image\" \/>\n<meta name=\"twitter:creator\" content=\"@ActiveDe\" \/>\n<meta name=\"twitter:site\" content=\"@ActiveDe\" \/>\n<meta name=\"twitter:label1\" content=\"Written by\" \/>\n\t<meta name=\"twitter:data1\" content=\"Jordi Riera\" \/>\n\t<meta name=\"twitter:label2\" content=\"Est. reading time\" \/>\n\t<meta name=\"twitter:data2\" content=\"1 minute\" \/>\n<script type=\"application\/ld+json\" class=\"yoast-schema-graph\">{\"@context\":\"https:\/\/schema.org\",\"@graph\":[{\"@type\":\"Organization\",\"@id\":\"https:\/\/www.activede.com\/ca\/#organization\",\"name\":\"ACTIVE DEVELOPMENT\",\"url\":\"https:\/\/www.activede.com\/ca\/\",\"sameAs\":[\"https:\/\/www.facebook.com\/Active.Development\",\"https:\/\/www.linkedin.com\/company\/999561?trk=tyah&amp;amp;trkInfo=tarId:1419004716750,tas:active development,idx:2-1-3\",\"http:\/\/www.youtube.com\/user\/ActiveDevelopment\",\"https:\/\/twitter.com\/ActiveDe\"],\"logo\":{\"@type\":\"ImageObject\",\"@id\":\"https:\/\/www.activede.com\/ca\/#logo\",\"inLanguage\":\"en-US\",\"url\":\"https:\/\/www.activede.com\/wp-content\/uploads\/2018\/10\/logoAD-min.png\",\"contentUrl\":\"https:\/\/www.activede.com\/wp-content\/uploads\/2018\/10\/logoAD-min.png\",\"width\":225,\"height\":51,\"caption\":\"ACTIVE DEVELOPMENT\"},\"image\":{\"@id\":\"https:\/\/www.activede.com\/ca\/#logo\"}},{\"@type\":\"WebSite\",\"@id\":\"https:\/\/www.activede.com\/ca\/#website\",\"url\":\"https:\/\/www.activede.com\/ca\/\",\"name\":\"Active Development\",\"description\":\"\",\"publisher\":{\"@id\":\"https:\/\/www.activede.com\/ca\/#organization\"},\"potentialAction\":[{\"@type\":\"SearchAction\",\"target\":{\"@type\":\"EntryPoint\",\"urlTemplate\":\"https:\/\/www.activede.com\/ca\/?s={search_term_string}\"},\"query-input\":\"required name=search_term_string\"}],\"inLanguage\":\"en-US\"},{\"@type\":\"ImageObject\",\"@id\":\"https:\/\/www.activede.com\/en\/renuevate-activa-tu-empresa\/#primaryimage\",\"inLanguage\":\"en-US\",\"url\":\"\",\"contentUrl\":\"\"},{\"@type\":\"WebPage\",\"@id\":\"https:\/\/www.activede.com\/en\/renuevate-activa-tu-empresa\/#webpage\",\"url\":\"https:\/\/www.activede.com\/en\/renuevate-activa-tu-empresa\/\",\"name\":\"Renu\u00e9vate: activa tu empresa. - Active Development\",\"isPartOf\":{\"@id\":\"https:\/\/www.activede.com\/ca\/#website\"},\"primaryImageOfPage\":{\"@id\":\"https:\/\/www.activede.com\/en\/renuevate-activa-tu-empresa\/#primaryimage\"},\"datePublished\":\"2015-03-06T16:58:46+00:00\",\"dateModified\":\"2019-05-03T18:06:24+00:00\",\"description\":\"Renu\u00e9vate: Activa tu empresa. Se ha forjado una nueva raza empresarial que combina la flexibilidad con la robustez, \u00bfY t\u00fa, en qu\u00e9 tipo de empresa est\u00e1s?\",\"breadcrumb\":{\"@id\":\"https:\/\/www.activede.com\/en\/renuevate-activa-tu-empresa\/#breadcrumb\"},\"inLanguage\":\"en-US\",\"potentialAction\":[{\"@type\":\"ReadAction\",\"target\":[\"https:\/\/www.activede.com\/en\/renuevate-activa-tu-empresa\/\"]}]},{\"@type\":\"BreadcrumbList\",\"@id\":\"https:\/\/www.activede.com\/en\/renuevate-activa-tu-empresa\/#breadcrumb\",\"itemListElement\":[{\"@type\":\"ListItem\",\"position\":1,\"name\":\"Home\",\"item\":\"https:\/\/www.activede.com\/en\/\"},{\"@type\":\"ListItem\",\"position\":2,\"name\":\"Renu\u00e9vate: activa tu empresa.\"}]},{\"@type\":\"Article\",\"@id\":\"https:\/\/www.activede.com\/en\/renuevate-activa-tu-empresa\/#article\",\"isPartOf\":{\"@id\":\"https:\/\/www.activede.com\/en\/renuevate-activa-tu-empresa\/#webpage\"},\"author\":{\"@id\":\"https:\/\/www.activede.com\/ca\/#\/schema\/person\/ccbab7b15b363cabae4e402aea60b28d\"},\"headline\":\"Renu\u00e9vate: activa tu empresa.\",\"datePublished\":\"2015-03-06T16:58:46+00:00\",\"dateModified\":\"2019-05-03T18:06:24+00:00\",\"mainEntityOfPage\":{\"@id\":\"https:\/\/www.activede.com\/en\/renuevate-activa-tu-empresa\/#webpage\"},\"wordCount\":166,\"commentCount\":0,\"publisher\":{\"@id\":\"https:\/\/www.activede.com\/ca\/#organization\"},\"image\":{\"@id\":\"https:\/\/www.activede.com\/en\/renuevate-activa-tu-empresa\/#primaryimage\"},\"thumbnailUrl\":\"\",\"keywords\":[\"aceleraci\u00f3n empresas\",\"activa tu empresa\",\"Emprendedores\",\"Joan Riera\"],\"articleSection\":[\"Conferences and events\",\"In the media\"],\"inLanguage\":\"en-US\"},{\"@type\":\"Person\",\"@id\":\"https:\/\/www.activede.com\/ca\/#\/schema\/person\/ccbab7b15b363cabae4e402aea60b28d\",\"name\":\"Jordi Riera\",\"image\":{\"@type\":\"ImageObject\",\"@id\":\"https:\/\/www.activede.com\/ca\/#personlogo\",\"inLanguage\":\"en-US\",\"url\":\"https:\/\/secure.gravatar.com\/avatar\/286e85ee4dabace46d88ff68f600eae4?s=96&d=mm&r=g\",\"contentUrl\":\"https:\/\/secure.gravatar.com\/avatar\/286e85ee4dabace46d88ff68f600eae4?s=96&d=mm&r=g\",\"caption\":\"Jordi Riera\"},\"sameAs\":[\"http:\/\/mktdirector.com\"]}]}<\/script>\n<!-- \/ Yoast SEO plugin. -->","yoast_head_json":{"title":"Renu\u00e9vate: activa tu empresa. - Active Development","description":"Renu\u00e9vate: Activa tu empresa. Se ha forjado una nueva raza empresarial que combina la flexibilidad con la robustez, \u00bfY t\u00fa, en qu\u00e9 tipo de empresa est\u00e1s?","robots":{"index":"index","follow":"follow","max-snippet":"max-snippet:-1","max-image-preview":"max-image-preview:large","max-video-preview":"max-video-preview:-1"},"canonical":"https:\/\/www.activede.com\/en\/renuevate-activa-tu-empresa\/","og_locale":"en_US","og_type":"article","og_title":"Renu\u00e9vate: activa tu empresa. - Active Development","og_description":"Renu\u00e9vate: Activa tu empresa. Se ha forjado una nueva raza empresarial que combina la flexibilidad con la robustez, \u00bfY t\u00fa, en qu\u00e9 tipo de empresa est\u00e1s?","og_url":"https:\/\/www.activede.com\/en\/renuevate-activa-tu-empresa\/","og_site_name":"Active Development","article_publisher":"https:\/\/www.facebook.com\/Active.Development","article_published_time":"2015-03-06T16:58:46+00:00","article_modified_time":"2019-05-03T18:06:24+00:00","twitter_card":"summary_large_image","twitter_creator":"@ActiveDe","twitter_site":"@ActiveDe","twitter_misc":{"Written by":"Jordi Riera","Est. reading time":"1 minute"},"schema":{"@context":"https:\/\/schema.org","@graph":[{"@type":"Organization","@id":"https:\/\/www.activede.com\/ca\/#organization","name":"ACTIVE DEVELOPMENT","url":"https:\/\/www.activede.com\/ca\/","sameAs":["https:\/\/www.facebook.com\/Active.Development","https:\/\/www.linkedin.com\/company\/999561?trk=tyah&amp;amp;trkInfo=tarId:1419004716750,tas:active development,idx:2-1-3","http:\/\/www.youtube.com\/user\/ActiveDevelopment","https:\/\/twitter.com\/ActiveDe"],"logo":{"@type":"ImageObject","@id":"https:\/\/www.activede.com\/ca\/#logo","inLanguage":"en-US","url":"https:\/\/www.activede.com\/wp-content\/uploads\/2018\/10\/logoAD-min.png","contentUrl":"https:\/\/www.activede.com\/wp-content\/uploads\/2018\/10\/logoAD-min.png","width":225,"height":51,"caption":"ACTIVE DEVELOPMENT"},"image":{"@id":"https:\/\/www.activede.com\/ca\/#logo"}},{"@type":"WebSite","@id":"https:\/\/www.activede.com\/ca\/#website","url":"https:\/\/www.activede.com\/ca\/","name":"Active Development","description":"","publisher":{"@id":"https:\/\/www.activede.com\/ca\/#organization"},"potentialAction":[{"@type":"SearchAction","target":{"@type":"EntryPoint","urlTemplate":"https:\/\/www.activede.com\/ca\/?s={search_term_string}"},"query-input":"required name=search_term_string"}],"inLanguage":"en-US"},{"@type":"ImageObject","@id":"https:\/\/www.activede.com\/en\/renuevate-activa-tu-empresa\/#primaryimage","inLanguage":"en-US","url":"","contentUrl":""},{"@type":"WebPage","@id":"https:\/\/www.activede.com\/en\/renuevate-activa-tu-empresa\/#webpage","url":"https:\/\/www.activede.com\/en\/renuevate-activa-tu-empresa\/","name":"Renu\u00e9vate: activa tu empresa. - Active Development","isPartOf":{"@id":"https:\/\/www.activede.com\/ca\/#website"},"primaryImageOfPage":{"@id":"https:\/\/www.activede.com\/en\/renuevate-activa-tu-empresa\/#primaryimage"},"datePublished":"2015-03-06T16:58:46+00:00","dateModified":"2019-05-03T18:06:24+00:00","description":"Renu\u00e9vate: Activa tu empresa. Se ha forjado una nueva raza empresarial que combina la flexibilidad con la robustez, \u00bfY t\u00fa, en qu\u00e9 tipo de empresa est\u00e1s?","breadcrumb":{"@id":"https:\/\/www.activede.com\/en\/renuevate-activa-tu-empresa\/#breadcrumb"},"inLanguage":"en-US","potentialAction":[{"@type":"ReadAction","target":["https:\/\/www.activede.com\/en\/renuevate-activa-tu-empresa\/"]}]},{"@type":"BreadcrumbList","@id":"https:\/\/www.activede.com\/en\/renuevate-activa-tu-empresa\/#breadcrumb","itemListElement":[{"@type":"ListItem","position":1,"name":"Home","item":"https:\/\/www.activede.com\/en\/"},{"@type":"ListItem","position":2,"name":"Renu\u00e9vate: activa tu empresa."}]},{"@type":"Article","@id":"https:\/\/www.activede.com\/en\/renuevate-activa-tu-empresa\/#article","isPartOf":{"@id":"https:\/\/www.activede.com\/en\/renuevate-activa-tu-empresa\/#webpage"},"author":{"@id":"https:\/\/www.activede.com\/ca\/#\/schema\/person\/ccbab7b15b363cabae4e402aea60b28d"},"headline":"Renu\u00e9vate: activa tu empresa.","datePublished":"2015-03-06T16:58:46+00:00","dateModified":"2019-05-03T18:06:24+00:00","mainEntityOfPage":{"@id":"https:\/\/www.activede.com\/en\/renuevate-activa-tu-empresa\/#webpage"},"wordCount":166,"commentCount":0,"publisher":{"@id":"https:\/\/www.activede.com\/ca\/#organization"},"image":{"@id":"https:\/\/www.activede.com\/en\/renuevate-activa-tu-empresa\/#primaryimage"},"thumbnailUrl":"","keywords":["aceleraci\u00f3n empresas","activa tu empresa","Emprendedores","Joan Riera"],"articleSection":["Conferences and events","In the media"],"inLanguage":"en-US"},{"@type":"Person","@id":"https:\/\/www.activede.com\/ca\/#\/schema\/person\/ccbab7b15b363cabae4e402aea60b28d","name":"Jordi Riera","image":{"@type":"ImageObject","@id":"https:\/\/www.activede.com\/ca\/#personlogo","inLanguage":"en-US","url":"https:\/\/secure.gravatar.com\/avatar\/286e85ee4dabace46d88ff68f600eae4?s=96&d=mm&r=g","contentUrl":"https:\/\/secure.gravatar.com\/avatar\/286e85ee4dabace46d88ff68f600eae4?s=96&d=mm&r=g","caption":"Jordi Riera"},"sameAs":["http:\/\/mktdirector.com"]}]}},"_links":{"self":[{"href":"https:\/\/www.activede.com\/en\/wp-json\/wp\/v2\/posts\/5861"}],"collection":[{"href":"https:\/\/www.activede.com\/en\/wp-json\/wp\/v2\/posts"}],"about":[{"href":"https:\/\/www.activede.com\/en\/wp-json\/wp\/v2\/types\/post"}],"author":[{"embeddable":true,"href":"https:\/\/www.activede.com\/en\/wp-json\/wp\/v2\/users\/6"}],"replies":[{"embeddable":true,"href":"https:\/\/www.activede.com\/en\/wp-json\/wp\/v2\/comments?post=5861"}],"version-history":[{"count":3,"href":"https:\/\/www.activede.com\/en\/wp-json\/wp\/v2\/posts\/5861\/revisions"}],"predecessor-version":[{"id":12425,"href":"https:\/\/www.activede.com\/en\/wp-json\/wp\/v2\/posts\/5861\/revisions\/12425"}],"wp:featuredmedia":[{"embeddable":true,"href":"https:\/\/www.activede.com\/en\/wp-json\/"}],"wp:attachment":[{"href":"https:\/\/www.activede.com\/en\/wp-json\/wp\/v2\/media?parent=5861"}],"wp:term":[{"taxonomy":"category","embeddable":true,"href":"https:\/\/www.activede.com\/en\/wp-json\/wp\/v2\/categories?post=5861"},{"taxonomy":"post_tag","embeddable":true,"href":"https:\/\/www.activede.com\/en\/wp-json\/wp\/v2\/tags?post=5861"}],"curies":[{"name":"wp","href":"https:\/\/api.w.org\/{rel}","templated":true}]}}