{"id":9875,"date":"2014-07-24T11:56:19","date_gmt":"2014-07-24T11:56:19","guid":{"rendered":"http:\/\/activede.lemontelecom.com\/emprender-la-perseverancia-como-fuente-de-oportunidades-2\/"},"modified":"2019-05-08T19:43:17","modified_gmt":"2019-05-08T19:43:17","slug":"emprender-la-perseverancia-como-fuente-de-oportunidades-2","status":"publish","type":"post","link":"https:\/\/www.activede.com\/ca\/emprender-la-perseverancia-como-fuente-de-oportunidades-2\/","title":{"rendered":"Emprender: La perseverancia como fuente de oportunidades"},"content":{"rendered":"<p style=\"text-align: justify;\">\u201cHe fallado en innumerables ocasiones\u2026\u201d, \u201cA menudo, lo mejor es hacer lo contrario de lo que te dicen\u201d. Son algunas de las reflexiones que deja, Pau Garc\u00eda Mil\u00e0, inform\u00e1tico , emprendedor y considerado hoy en d\u00eda uno de los m\u00e1s exitosos j\u00f3venes empresarios espa\u00f1oles, en este maravilloso art\u00edculo titulado \u201d<a href=\"http:\/\/www.usatoday.com\/story\/money\/business\/2014\/06\/23\/ozy-spain-optimistic-entrepreneur\/11271189\/\"><em>Spain\u2019s optimistic entrepreneur<\/em><\/a>\u201d que nos ha fascinado.<\/p>\n<p style=\"text-align: justify;\">Pau Garc\u00eda Mil\u00e0, en el art\u00edculo anima a los j\u00f3venes espa\u00f1oles de que sus ideas se pueden convertir en realidad. Nos muestra como la situaci\u00f3n econ\u00f3mica-financiera actual en Espa\u00f1a, dentro \u00a0de este mundo globalizado no para de ofrecer oportunidades \u00fanicas a j\u00f3venes espa\u00f1oles.<\/p>\n<p style=\"text-align: justify;\">\n<p style=\"text-align: justify;\">En Espa\u00f1a, lo que realmente falta es perseverancia.Los empresarios privados generan el 70 por ciento de los nuevos puestos de trabajo en Espa\u00f1a. El pa\u00eds necesita desesperadamente nuevos negocios para prosperar. El\u00a0 enfoque de Garc\u00eda-Mil\u00e0 es aumentar el \u00e9xito en Espa\u00f1a para la creaci\u00f3n de puestos de trabajo y fomentar el crecimiento econ\u00f3mico.<\/p>\n<p style=\"text-align: justify;\">Una gran fuente de inspiraci\u00f3n para todos aquellos que quieran emprender. \u00a0Desde su experiencia reconoce que el camino nunca es f\u00e1cil, pero tienes que dejar atr\u00e1s tus miedos y lanzarte a perseguir tus sue\u00f1os.<\/p>\n<p style=\"text-align: justify;\">Para leer el art\u00edculo completo \u201c<a href=\"http:\/\/www.usatoday.com\/story\/money\/business\/2014\/06\/23\/ozy-spain-optimistic-entrepreneur\/11271189\/\"><em>Spain\u2019s optimistic entrepreneur<\/em><\/a>\u201d, seguir el siguiente link:<\/p>\n<p style=\"text-align: justify;\"><a href=\"http:\/\/www.usatoday.com\/story\/money\/business\/2014\/06\/23\/ozy-spain-optimistic-entrepreneur\/11271189\/\">http:\/\/www.usatoday.com\/story\/money\/business\/2014\/06\/23\/ozy-spain-optimistic-entrepreneur\/11271189\/<\/a><\/p>\n","protected":false},"excerpt":{"rendered":"<p>\u201cHe fallado en innumerables ocasiones\u2026\u201d, \u201cA menudo, lo mejor es hacer lo contrario de lo que te dicen\u201d. Son algunas de las reflexiones que deja, Pau Garc\u00eda Mil\u00e0, inform\u00e1tico , emprendedor y considerado hoy en d\u00eda uno de los m\u00e1s exitosos j\u00f3venes empresarios espa\u00f1oles, en este maravilloso art\u00edculo titulado \u201dSpain\u2019s optimistic entrepreneur\u201d que nos ha [&hellip;]<\/p>\n","protected":false},"author":6,"featured_media":0,"comment_status":"closed","ping_status":"closed","sticky":false,"template":"","format":"standard","meta":{"_acf_changed":false,"footnotes":""},"categories":[430],"tags":[],"acf":[],"yoast_head":"<!-- This site is optimized with the Yoast SEO plugin v18.0 - https:\/\/yoast.com\/wordpress\/plugins\/seo\/ -->\n<title>Noticias: Emprender - Active Development<\/title>\n<meta name=\"description\" content=\"Un excelente art\u00edculo inspirador para todos aquellos que quieran emprender. Pau Garc\u00eda Mil\u00e0, hablando desde su experiencia, anima a los j\u00f3venes a emprender.\" \/>\n<meta name=\"robots\" content=\"index, follow, max-snippet:-1, max-image-preview:large, max-video-preview:-1\" \/>\n<link rel=\"canonical\" href=\"https:\/\/www.activede.com\/ca\/emprender-la-perseverancia-como-fuente-de-oportunidades-2\/\" \/>\n<meta property=\"og:locale\" content=\"ca_ES\" \/>\n<meta property=\"og:type\" content=\"article\" \/>\n<meta property=\"og:title\" content=\"Noticias: Emprender - Active Development\" \/>\n<meta property=\"og:description\" content=\"Un excelente art\u00edculo inspirador para todos aquellos que quieran emprender. Pau Garc\u00eda Mil\u00e0, hablando desde su experiencia, anima a los j\u00f3venes a emprender.\" \/>\n<meta property=\"og:url\" content=\"https:\/\/www.activede.com\/ca\/emprender-la-perseverancia-como-fuente-de-oportunidades-2\/\" \/>\n<meta property=\"og:site_name\" content=\"Active Development\" \/>\n<meta property=\"article:publisher\" content=\"https:\/\/www.facebook.com\/Active.Development\" \/>\n<meta property=\"article:published_time\" content=\"2014-07-24T11:56:19+00:00\" \/>\n<meta property=\"article:modified_time\" content=\"2019-05-08T19:43:17+00:00\" \/>\n<meta name=\"twitter:card\" content=\"summary_large_image\" \/>\n<meta name=\"twitter:creator\" content=\"@ActiveDe\" \/>\n<meta name=\"twitter:site\" content=\"@ActiveDe\" \/>\n<meta name=\"twitter:label1\" content=\"Escrit per\" \/>\n\t<meta name=\"twitter:data1\" content=\"Jordi Riera\" \/>\n\t<meta name=\"twitter:label2\" content=\"Temps estimat de lectura\" \/>\n\t<meta name=\"twitter:data2\" content=\"1 minut\" \/>\n<script type=\"application\/ld+json\" class=\"yoast-schema-graph\">{\"@context\":\"https:\/\/schema.org\",\"@graph\":[{\"@type\":\"Organization\",\"@id\":\"https:\/\/www.activede.com\/ca\/#organization\",\"name\":\"ACTIVE DEVELOPMENT\",\"url\":\"https:\/\/www.activede.com\/ca\/\",\"sameAs\":[\"https:\/\/www.facebook.com\/Active.Development\",\"https:\/\/www.linkedin.com\/company\/999561?trk=tyah&amp;amp;trkInfo=tarId:1419004716750,tas:active development,idx:2-1-3\",\"http:\/\/www.youtube.com\/user\/ActiveDevelopment\",\"https:\/\/twitter.com\/ActiveDe\"],\"logo\":{\"@type\":\"ImageObject\",\"@id\":\"https:\/\/www.activede.com\/ca\/#logo\",\"inLanguage\":\"ca\",\"url\":\"https:\/\/www.activede.com\/wp-content\/uploads\/2018\/10\/logoAD-min.png\",\"contentUrl\":\"https:\/\/www.activede.com\/wp-content\/uploads\/2018\/10\/logoAD-min.png\",\"width\":225,\"height\":51,\"caption\":\"ACTIVE DEVELOPMENT\"},\"image\":{\"@id\":\"https:\/\/www.activede.com\/ca\/#logo\"}},{\"@type\":\"WebSite\",\"@id\":\"https:\/\/www.activede.com\/ca\/#website\",\"url\":\"https:\/\/www.activede.com\/ca\/\",\"name\":\"Active Development\",\"description\":\"\",\"publisher\":{\"@id\":\"https:\/\/www.activede.com\/ca\/#organization\"},\"potentialAction\":[{\"@type\":\"SearchAction\",\"target\":{\"@type\":\"EntryPoint\",\"urlTemplate\":\"https:\/\/www.activede.com\/ca\/?s={search_term_string}\"},\"query-input\":\"required name=search_term_string\"}],\"inLanguage\":\"ca\"},{\"@type\":\"WebPage\",\"@id\":\"https:\/\/www.activede.com\/ca\/emprender-la-perseverancia-como-fuente-de-oportunidades-2\/#webpage\",\"url\":\"https:\/\/www.activede.com\/ca\/emprender-la-perseverancia-como-fuente-de-oportunidades-2\/\",\"name\":\"Noticias: Emprender - Active Development\",\"isPartOf\":{\"@id\":\"https:\/\/www.activede.com\/ca\/#website\"},\"datePublished\":\"2014-07-24T11:56:19+00:00\",\"dateModified\":\"2019-05-08T19:43:17+00:00\",\"description\":\"Un excelente art\u00edculo inspirador para todos aquellos que quieran emprender. Pau Garc\u00eda Mil\u00e0, hablando desde su experiencia, anima a los j\u00f3venes a emprender.\",\"breadcrumb\":{\"@id\":\"https:\/\/www.activede.com\/ca\/emprender-la-perseverancia-como-fuente-de-oportunidades-2\/#breadcrumb\"},\"inLanguage\":\"ca\",\"potentialAction\":[{\"@type\":\"ReadAction\",\"target\":[\"https:\/\/www.activede.com\/ca\/emprender-la-perseverancia-como-fuente-de-oportunidades-2\/\"]}]},{\"@type\":\"BreadcrumbList\",\"@id\":\"https:\/\/www.activede.com\/ca\/emprender-la-perseverancia-como-fuente-de-oportunidades-2\/#breadcrumb\",\"itemListElement\":[{\"@type\":\"ListItem\",\"position\":1,\"name\":\"Home\",\"item\":\"https:\/\/www.activede.com\/ca\/\"},{\"@type\":\"ListItem\",\"position\":2,\"name\":\"Emprender: La perseverancia como fuente de oportunidades\"}]},{\"@type\":\"Article\",\"@id\":\"https:\/\/www.activede.com\/ca\/emprender-la-perseverancia-como-fuente-de-oportunidades-2\/#article\",\"isPartOf\":{\"@id\":\"https:\/\/www.activede.com\/ca\/emprender-la-perseverancia-como-fuente-de-oportunidades-2\/#webpage\"},\"author\":{\"@id\":\"https:\/\/www.activede.com\/ca\/#\/schema\/person\/ccbab7b15b363cabae4e402aea60b28d\"},\"headline\":\"Emprender: La perseverancia como fuente de oportunidades\",\"datePublished\":\"2014-07-24T11:56:19+00:00\",\"dateModified\":\"2019-05-08T19:43:17+00:00\",\"mainEntityOfPage\":{\"@id\":\"https:\/\/www.activede.com\/ca\/emprender-la-perseverancia-como-fuente-de-oportunidades-2\/#webpage\"},\"wordCount\":242,\"publisher\":{\"@id\":\"https:\/\/www.activede.com\/ca\/#organization\"},\"articleSection\":[\"Actualitat\"],\"inLanguage\":\"ca\"},{\"@type\":\"Person\",\"@id\":\"https:\/\/www.activede.com\/ca\/#\/schema\/person\/ccbab7b15b363cabae4e402aea60b28d\",\"name\":\"Jordi Riera\",\"image\":{\"@type\":\"ImageObject\",\"@id\":\"https:\/\/www.activede.com\/ca\/#personlogo\",\"inLanguage\":\"ca\",\"url\":\"https:\/\/secure.gravatar.com\/avatar\/286e85ee4dabace46d88ff68f600eae4?s=96&d=mm&r=g\",\"contentUrl\":\"https:\/\/secure.gravatar.com\/avatar\/286e85ee4dabace46d88ff68f600eae4?s=96&d=mm&r=g\",\"caption\":\"Jordi Riera\"},\"sameAs\":[\"http:\/\/mktdirector.com\"]}]}<\/script>\n<!-- \/ Yoast SEO plugin. -->","yoast_head_json":{"title":"Noticias: Emprender - Active Development","description":"Un excelente art\u00edculo inspirador para todos aquellos que quieran emprender. Pau Garc\u00eda Mil\u00e0, hablando desde su experiencia, anima a los j\u00f3venes a emprender.","robots":{"index":"index","follow":"follow","max-snippet":"max-snippet:-1","max-image-preview":"max-image-preview:large","max-video-preview":"max-video-preview:-1"},"canonical":"https:\/\/www.activede.com\/ca\/emprender-la-perseverancia-como-fuente-de-oportunidades-2\/","og_locale":"ca_ES","og_type":"article","og_title":"Noticias: Emprender - Active Development","og_description":"Un excelente art\u00edculo inspirador para todos aquellos que quieran emprender. Pau Garc\u00eda Mil\u00e0, hablando desde su experiencia, anima a los j\u00f3venes a emprender.","og_url":"https:\/\/www.activede.com\/ca\/emprender-la-perseverancia-como-fuente-de-oportunidades-2\/","og_site_name":"Active Development","article_publisher":"https:\/\/www.facebook.com\/Active.Development","article_published_time":"2014-07-24T11:56:19+00:00","article_modified_time":"2019-05-08T19:43:17+00:00","twitter_card":"summary_large_image","twitter_creator":"@ActiveDe","twitter_site":"@ActiveDe","twitter_misc":{"Escrit per":"Jordi Riera","Temps estimat de lectura":"1 minut"},"schema":{"@context":"https:\/\/schema.org","@graph":[{"@type":"Organization","@id":"https:\/\/www.activede.com\/ca\/#organization","name":"ACTIVE DEVELOPMENT","url":"https:\/\/www.activede.com\/ca\/","sameAs":["https:\/\/www.facebook.com\/Active.Development","https:\/\/www.linkedin.com\/company\/999561?trk=tyah&amp;amp;trkInfo=tarId:1419004716750,tas:active development,idx:2-1-3","http:\/\/www.youtube.com\/user\/ActiveDevelopment","https:\/\/twitter.com\/ActiveDe"],"logo":{"@type":"ImageObject","@id":"https:\/\/www.activede.com\/ca\/#logo","inLanguage":"ca","url":"https:\/\/www.activede.com\/wp-content\/uploads\/2018\/10\/logoAD-min.png","contentUrl":"https:\/\/www.activede.com\/wp-content\/uploads\/2018\/10\/logoAD-min.png","width":225,"height":51,"caption":"ACTIVE DEVELOPMENT"},"image":{"@id":"https:\/\/www.activede.com\/ca\/#logo"}},{"@type":"WebSite","@id":"https:\/\/www.activede.com\/ca\/#website","url":"https:\/\/www.activede.com\/ca\/","name":"Active Development","description":"","publisher":{"@id":"https:\/\/www.activede.com\/ca\/#organization"},"potentialAction":[{"@type":"SearchAction","target":{"@type":"EntryPoint","urlTemplate":"https:\/\/www.activede.com\/ca\/?s={search_term_string}"},"query-input":"required name=search_term_string"}],"inLanguage":"ca"},{"@type":"WebPage","@id":"https:\/\/www.activede.com\/ca\/emprender-la-perseverancia-como-fuente-de-oportunidades-2\/#webpage","url":"https:\/\/www.activede.com\/ca\/emprender-la-perseverancia-como-fuente-de-oportunidades-2\/","name":"Noticias: Emprender - Active Development","isPartOf":{"@id":"https:\/\/www.activede.com\/ca\/#website"},"datePublished":"2014-07-24T11:56:19+00:00","dateModified":"2019-05-08T19:43:17+00:00","description":"Un excelente art\u00edculo inspirador para todos aquellos que quieran emprender. Pau Garc\u00eda Mil\u00e0, hablando desde su experiencia, anima a los j\u00f3venes a emprender.","breadcrumb":{"@id":"https:\/\/www.activede.com\/ca\/emprender-la-perseverancia-como-fuente-de-oportunidades-2\/#breadcrumb"},"inLanguage":"ca","potentialAction":[{"@type":"ReadAction","target":["https:\/\/www.activede.com\/ca\/emprender-la-perseverancia-como-fuente-de-oportunidades-2\/"]}]},{"@type":"BreadcrumbList","@id":"https:\/\/www.activede.com\/ca\/emprender-la-perseverancia-como-fuente-de-oportunidades-2\/#breadcrumb","itemListElement":[{"@type":"ListItem","position":1,"name":"Home","item":"https:\/\/www.activede.com\/ca\/"},{"@type":"ListItem","position":2,"name":"Emprender: La perseverancia como fuente de oportunidades"}]},{"@type":"Article","@id":"https:\/\/www.activede.com\/ca\/emprender-la-perseverancia-como-fuente-de-oportunidades-2\/#article","isPartOf":{"@id":"https:\/\/www.activede.com\/ca\/emprender-la-perseverancia-como-fuente-de-oportunidades-2\/#webpage"},"author":{"@id":"https:\/\/www.activede.com\/ca\/#\/schema\/person\/ccbab7b15b363cabae4e402aea60b28d"},"headline":"Emprender: La perseverancia como fuente de oportunidades","datePublished":"2014-07-24T11:56:19+00:00","dateModified":"2019-05-08T19:43:17+00:00","mainEntityOfPage":{"@id":"https:\/\/www.activede.com\/ca\/emprender-la-perseverancia-como-fuente-de-oportunidades-2\/#webpage"},"wordCount":242,"publisher":{"@id":"https:\/\/www.activede.com\/ca\/#organization"},"articleSection":["Actualitat"],"inLanguage":"ca"},{"@type":"Person","@id":"https:\/\/www.activede.com\/ca\/#\/schema\/person\/ccbab7b15b363cabae4e402aea60b28d","name":"Jordi Riera","image":{"@type":"ImageObject","@id":"https:\/\/www.activede.com\/ca\/#personlogo","inLanguage":"ca","url":"https:\/\/secure.gravatar.com\/avatar\/286e85ee4dabace46d88ff68f600eae4?s=96&d=mm&r=g","contentUrl":"https:\/\/secure.gravatar.com\/avatar\/286e85ee4dabace46d88ff68f600eae4?s=96&d=mm&r=g","caption":"Jordi Riera"},"sameAs":["http:\/\/mktdirector.com"]}]}},"_links":{"self":[{"href":"https:\/\/www.activede.com\/ca\/wp-json\/wp\/v2\/posts\/9875"}],"collection":[{"href":"https:\/\/www.activede.com\/ca\/wp-json\/wp\/v2\/posts"}],"about":[{"href":"https:\/\/www.activede.com\/ca\/wp-json\/wp\/v2\/types\/post"}],"author":[{"embeddable":true,"href":"https:\/\/www.activede.com\/ca\/wp-json\/wp\/v2\/users\/6"}],"replies":[{"embeddable":true,"href":"https:\/\/www.activede.com\/ca\/wp-json\/wp\/v2\/comments?post=9875"}],"version-history":[{"count":13,"href":"https:\/\/www.activede.com\/ca\/wp-json\/wp\/v2\/posts\/9875\/revisions"}],"predecessor-version":[{"id":13086,"href":"https:\/\/www.activede.com\/ca\/wp-json\/wp\/v2\/posts\/9875\/revisions\/13086"}],"wp:attachment":[{"href":"https:\/\/www.activede.com\/ca\/wp-json\/wp\/v2\/media?parent=9875"}],"wp:term":[{"taxonomy":"category","embeddable":true,"href":"https:\/\/www.activede.com\/ca\/wp-json\/wp\/v2\/categories?post=9875"},{"taxonomy":"post_tag","embeddable":true,"href":"https:\/\/www.activede.com\/ca\/wp-json\/wp\/v2\/tags?post=9875"}],"curies":[{"name":"wp","href":"https:\/\/api.w.org\/{rel}","templated":true}]}}